{"id":890,"date":"2021-08-12T14:20:30","date_gmt":"2021-08-12T12:20:30","guid":{"rendered":"https:\/\/wanderhexe.org\/cms\/?p=890"},"modified":"2021-08-12T14:20:30","modified_gmt":"2021-08-12T12:20:30","slug":"die-kopflinie-ii","status":"publish","type":"post","link":"https:\/\/wanderhexe.org\/cms\/2021\/08\/12\/die-kopflinie-ii\/","title":{"rendered":"Die Kopflinie II"},"content":{"rendered":"<p><img loading=\"lazy\" decoding=\"async\" class=\"alignnone size-full wp-image-891\" src=\"https:\/\/wanderhexe.org\/cms\/wp-content\/uploads\/2021\/08\/CBFFD097-1282-42F2-96BB-53F6C7A66673.png\" alt=\"\" width=\"1080\" height=\"1080\" srcset=\"https:\/\/wanderhexe.org\/cms\/wp-content\/uploads\/2021\/08\/CBFFD097-1282-42F2-96BB-53F6C7A66673.png 1080w, https:\/\/wanderhexe.org\/cms\/wp-content\/uploads\/2021\/08\/CBFFD097-1282-42F2-96BB-53F6C7A66673-300x300.png 300w, https:\/\/wanderhexe.org\/cms\/wp-content\/uploads\/2021\/08\/CBFFD097-1282-42F2-96BB-53F6C7A66673-1024x1024.png 1024w, https:\/\/wanderhexe.org\/cms\/wp-content\/uploads\/2021\/08\/CBFFD097-1282-42F2-96BB-53F6C7A66673-150x150.png 150w, https:\/\/wanderhexe.org\/cms\/wp-content\/uploads\/2021\/08\/CBFFD097-1282-42F2-96BB-53F6C7A66673-768x768.png 768w\" sizes=\"auto, (max-width: 1080px) 100vw, 1080px\" \/><\/p>\n<p class=\"_04xlpA direction-ltr align-end para-style-body\" style=\"text-align: left;\"><span class=\"JsGRdQ\">Hat die Kopflinie eine <\/span><span class=\"JsGRdQ\">lange Verbindung<\/span><span class=\"JsGRdQ\"> mit der Lebenslinie,<\/span> <span class=\"JsGRdQ\">so mangelt es dem\u00a0<\/span><span class=\"JsGRdQ\">Tr\u00e4ger an Selbstvertrauen und Energie. Eine solche Person ist eher zur\u00fcckhaltend und wirkt auf andere deshalb mitunter unfreundlich.<\/span><span class=\"JsGRdQ\">Man sagt, dass diese Leute recht sp\u00e4t selbstst\u00e4ndig werden und erst sp\u00e4t von Zuhause ausziehen.<\/span><\/p>\n<p class=\"_04xlpA direction-ltr align-end para-style-body\" style=\"text-align: left;\"><span class=\"JsGRdQ\">Ist die Verbindung der Kopflinie und der Lebenslinie <\/span><span class=\"JsGRdQ\">sehr kurz<\/span><span class=\"JsGRdQ\">, so war der Tr\u00e4ger sehr fr\u00fch selbstst\u00e4ndig und hat ein gesundes Selbstvertrauen. Sie gehen mit Bedacht an die Sache und machen sich nichts vor. Herrscht ein <\/span><span class=\"JsGRdQ\">gro\u00dfer Abstand <\/span><span class=\"JsGRdQ\">von Kopflinie und Lebenslinie, so ist<\/span> <span class=\"JsGRdQ\">gro\u00dfes Selbstvertrauen\u00a0<\/span><span class=\"JsGRdQ\">und<\/span> <span class=\"JsGRdQ\">Risikobereitschaft<\/span> <span class=\"JsGRdQ\">und Abenteuerlust<\/span> <span class=\"JsGRdQ\">vorhanden.\u00a0<\/span><span class=\"JsGRdQ\">Den Tr\u00e4gern ist Anerkennung sehr wichtig,\u00a0<\/span><span class=\"JsGRdQ\">Kritik dagegen<\/span> <span class=\"JsGRdQ\">m\u00f6gen sie nicht. Ist die Kopflinie am\u00a0<\/span><span class=\"JsGRdQ\">Ende <\/span><span class=\"JsGRdQ\">gegabelt<\/span><span class=\"JsGRdQ\">, so besteht Vielseitigkeit.\u00a0<\/span><span class=\"JsGRdQ\">Eine Gabelung kann aber auch dazu f\u00fchren, dass man\u00a0<\/span><span class=\"JsGRdQ\">sich nur schwer entscheiden kann. Alte B\u00fccher\u00a0<\/span><span class=\"JsGRdQ\">schreiben, dass ein Umdenken im Laufe des Lebens\u00a0<\/span><span class=\"JsGRdQ\">stattfindet. Eine Kopflinie, welche <\/span><span class=\"JsGRdQ\">stark abf\u00e4llt<\/span><span class=\"JsGRdQ\">,\u00a0<\/span><span class=\"JsGRdQ\">wird von starken Gef\u00fchlen geleitet. Tr\u00e4ger mit\u00a0<\/span><span class=\"JsGRdQ\">einer solchen Linie sind oft hochsensibel. Sie\u00a0<\/span><span class=\"JsGRdQ\">k\u00f6nnen in die Seelen anderer hineinschauen.\u00a0<\/span><span class=\"JsGRdQ\">Dies kann leider zu Melancholie f\u00fchren.<\/span><\/p>\n","protected":false},"excerpt":{"rendered":"<p>Hat die Kopflinie eine lange Verbindung mit der Lebenslinie, so mangelt es dem\u00a0Tr\u00e4ger an Selbstvertrauen und Energie. Eine solche Person ist eher zur\u00fcckhaltend und wirkt auf andere deshalb mitunter unfreundlich.Man sagt, dass diese Leute recht sp\u00e4t selbstst\u00e4ndig werden und erst sp\u00e4t von Zuhause ausziehen. Ist die Verbindung der Kopflinie und der Lebenslinie sehr kurz, so [&hellip;]<\/p>\n","protected":false},"author":1,"featured_media":0,"comment_status":"open","ping_status":"open","sticky":false,"template":"","format":"standard","meta":{"_jetpack_memberships_contains_paid_content":false,"footnotes":""},"categories":[168],"tags":[274],"class_list":["post-890","post","type-post","status-publish","format-standard","hentry","category-handlesen","tag-kopflinie-ii"],"yoast_head":"<!-- This site is optimized with the Yoast SEO plugin v27.5 - https:\/\/yoast.com\/product\/yoast-seo-wordpress\/ -->\n<title>Die Kopflinie II - wanderhexe.org<\/title>\n<meta name=\"description\" content=\"Hat die Kopflinie eine lange Verbindung mit der Lebenslinie, so mangelt es dem\u00a0Tr\u00e4ger an Selbstvertrauen und Energie. Eine solche Person ist\" \/>\n<meta name=\"robots\" content=\"index, follow, max-snippet:-1, max-image-preview:large, max-video-preview:-1\" \/>\n<link rel=\"canonical\" href=\"https:\/\/wanderhexe.org\/cms\/2021\/08\/12\/die-kopflinie-ii\/\" \/>\n<meta property=\"og:locale\" content=\"de_DE\" \/>\n<meta property=\"og:type\" content=\"article\" \/>\n<meta property=\"og:title\" content=\"Die Kopflinie II - wanderhexe.org\" \/>\n<meta property=\"og:description\" content=\"Hat die Kopflinie eine lange Verbindung mit der Lebenslinie, so mangelt es dem\u00a0Tr\u00e4ger an Selbstvertrauen und Energie. Eine solche Person ist\" \/>\n<meta property=\"og:url\" content=\"https:\/\/wanderhexe.org\/cms\/2021\/08\/12\/die-kopflinie-ii\/\" \/>\n<meta property=\"og:site_name\" content=\"wanderhexe.org\" \/>\n<meta property=\"article:published_time\" content=\"2021-08-12T12:20:30+00:00\" \/>\n<meta property=\"og:image\" content=\"https:\/\/wanderhexe.org\/cms\/wp-content\/uploads\/2021\/08\/CBFFD097-1282-42F2-96BB-53F6C7A66673.png\" \/>\n<meta name=\"author\" content=\"manu\" \/>\n<script type=\"application\/ld+json\" class=\"yoast-schema-graph\">{\"@context\":\"https:\\\/\\\/schema.org\",\"@graph\":[{\"@type\":\"Article\",\"@id\":\"https:\\\/\\\/wanderhexe.org\\\/cms\\\/2021\\\/08\\\/12\\\/die-kopflinie-ii\\\/#article\",\"isPartOf\":{\"@id\":\"https:\\\/\\\/wanderhexe.org\\\/cms\\\/2021\\\/08\\\/12\\\/die-kopflinie-ii\\\/\"},\"author\":{\"name\":\"manu\",\"@id\":\"https:\\\/\\\/wanderhexe.org\\\/cms\\\/#\\\/schema\\\/person\\\/53e2f660dadd5bbbec7cf94dae747bc1\"},\"headline\":\"Die Kopflinie II\",\"datePublished\":\"2021-08-12T12:20:30+00:00\",\"mainEntityOfPage\":{\"@id\":\"https:\\\/\\\/wanderhexe.org\\\/cms\\\/2021\\\/08\\\/12\\\/die-kopflinie-ii\\\/\"},\"wordCount\":195,\"commentCount\":0,\"publisher\":{\"@id\":\"https:\\\/\\\/wanderhexe.org\\\/cms\\\/#organization\"},\"image\":{\"@id\":\"https:\\\/\\\/wanderhexe.org\\\/cms\\\/2021\\\/08\\\/12\\\/die-kopflinie-ii\\\/#primaryimage\"},\"thumbnailUrl\":\"https:\\\/\\\/wanderhexe.org\\\/cms\\\/wp-content\\\/uploads\\\/2021\\\/08\\\/CBFFD097-1282-42F2-96BB-53F6C7A66673.png\",\"keywords\":[\"Kopflinie II\"],\"articleSection\":[\"Handlesen\"],\"inLanguage\":\"de\",\"potentialAction\":[{\"@type\":\"CommentAction\",\"name\":\"Comment\",\"target\":[\"https:\\\/\\\/wanderhexe.org\\\/cms\\\/2021\\\/08\\\/12\\\/die-kopflinie-ii\\\/#respond\"]}]},{\"@type\":\"WebPage\",\"@id\":\"https:\\\/\\\/wanderhexe.org\\\/cms\\\/2021\\\/08\\\/12\\\/die-kopflinie-ii\\\/\",\"url\":\"https:\\\/\\\/wanderhexe.org\\\/cms\\\/2021\\\/08\\\/12\\\/die-kopflinie-ii\\\/\",\"name\":\"Die Kopflinie II - wanderhexe.org\",\"isPartOf\":{\"@id\":\"https:\\\/\\\/wanderhexe.org\\\/cms\\\/#website\"},\"primaryImageOfPage\":{\"@id\":\"https:\\\/\\\/wanderhexe.org\\\/cms\\\/2021\\\/08\\\/12\\\/die-kopflinie-ii\\\/#primaryimage\"},\"image\":{\"@id\":\"https:\\\/\\\/wanderhexe.org\\\/cms\\\/2021\\\/08\\\/12\\\/die-kopflinie-ii\\\/#primaryimage\"},\"thumbnailUrl\":\"https:\\\/\\\/wanderhexe.org\\\/cms\\\/wp-content\\\/uploads\\\/2021\\\/08\\\/CBFFD097-1282-42F2-96BB-53F6C7A66673.png\",\"datePublished\":\"2021-08-12T12:20:30+00:00\",\"description\":\"Hat die Kopflinie eine lange Verbindung mit der Lebenslinie, so mangelt es dem\u00a0Tr\u00e4ger an Selbstvertrauen und Energie. Eine solche Person ist\",\"breadcrumb\":{\"@id\":\"https:\\\/\\\/wanderhexe.org\\\/cms\\\/2021\\\/08\\\/12\\\/die-kopflinie-ii\\\/#breadcrumb\"},\"inLanguage\":\"de\",\"potentialAction\":[{\"@type\":\"ReadAction\",\"target\":[\"https:\\\/\\\/wanderhexe.org\\\/cms\\\/2021\\\/08\\\/12\\\/die-kopflinie-ii\\\/\"]}]},{\"@type\":\"ImageObject\",\"inLanguage\":\"de\",\"@id\":\"https:\\\/\\\/wanderhexe.org\\\/cms\\\/2021\\\/08\\\/12\\\/die-kopflinie-ii\\\/#primaryimage\",\"url\":\"https:\\\/\\\/wanderhexe.org\\\/cms\\\/wp-content\\\/uploads\\\/2021\\\/08\\\/CBFFD097-1282-42F2-96BB-53F6C7A66673.png\",\"contentUrl\":\"https:\\\/\\\/wanderhexe.org\\\/cms\\\/wp-content\\\/uploads\\\/2021\\\/08\\\/CBFFD097-1282-42F2-96BB-53F6C7A66673.png\",\"width\":1080,\"height\":1080},{\"@type\":\"BreadcrumbList\",\"@id\":\"https:\\\/\\\/wanderhexe.org\\\/cms\\\/2021\\\/08\\\/12\\\/die-kopflinie-ii\\\/#breadcrumb\",\"itemListElement\":[{\"@type\":\"ListItem\",\"position\":1,\"name\":\"Startseite\",\"item\":\"https:\\\/\\\/wanderhexe.org\\\/cms\\\/\"},{\"@type\":\"ListItem\",\"position\":2,\"name\":\"Die Kopflinie II\"}]},{\"@type\":\"WebSite\",\"@id\":\"https:\\\/\\\/wanderhexe.org\\\/cms\\\/#website\",\"url\":\"https:\\\/\\\/wanderhexe.org\\\/cms\\\/\",\"name\":\"wanderhexe.org\",\"description\":\"\",\"publisher\":{\"@id\":\"https:\\\/\\\/wanderhexe.org\\\/cms\\\/#organization\"},\"potentialAction\":[{\"@type\":\"SearchAction\",\"target\":{\"@type\":\"EntryPoint\",\"urlTemplate\":\"https:\\\/\\\/wanderhexe.org\\\/cms\\\/?s={search_term_string}\"},\"query-input\":{\"@type\":\"PropertyValueSpecification\",\"valueRequired\":true,\"valueName\":\"search_term_string\"}}],\"inLanguage\":\"de\"},{\"@type\":\"Organization\",\"@id\":\"https:\\\/\\\/wanderhexe.org\\\/cms\\\/#organization\",\"name\":\"wanderhexe.org\",\"url\":\"https:\\\/\\\/wanderhexe.org\\\/cms\\\/\",\"logo\":{\"@type\":\"ImageObject\",\"inLanguage\":\"de\",\"@id\":\"https:\\\/\\\/wanderhexe.org\\\/cms\\\/#\\\/schema\\\/logo\\\/image\\\/\",\"url\":\"https:\\\/\\\/wanderhexe.org\\\/cms\\\/wp-content\\\/uploads\\\/2021\\\/05\\\/F4106D43-B46E-4645-AA0D-40913D048620.jpeg\",\"contentUrl\":\"https:\\\/\\\/wanderhexe.org\\\/cms\\\/wp-content\\\/uploads\\\/2021\\\/05\\\/F4106D43-B46E-4645-AA0D-40913D048620.jpeg\",\"width\":1080,\"height\":1080,\"caption\":\"wanderhexe.org\"},\"image\":{\"@id\":\"https:\\\/\\\/wanderhexe.org\\\/cms\\\/#\\\/schema\\\/logo\\\/image\\\/\"},\"sameAs\":[\"https:\\\/\\\/www.instagram.com\\\/die_wanderhexe\\\/\"]},{\"@type\":\"Person\",\"@id\":\"https:\\\/\\\/wanderhexe.org\\\/cms\\\/#\\\/schema\\\/person\\\/53e2f660dadd5bbbec7cf94dae747bc1\",\"name\":\"manu\",\"image\":{\"@type\":\"ImageObject\",\"inLanguage\":\"de\",\"@id\":\"https:\\\/\\\/secure.gravatar.com\\\/avatar\\\/baa22eb4b67b5b36e6adcea77d5e70e593d1d4979c9d3961cbba9350de3a2cae?s=96&d=mm&r=g\",\"url\":\"https:\\\/\\\/secure.gravatar.com\\\/avatar\\\/baa22eb4b67b5b36e6adcea77d5e70e593d1d4979c9d3961cbba9350de3a2cae?s=96&d=mm&r=g\",\"contentUrl\":\"https:\\\/\\\/secure.gravatar.com\\\/avatar\\\/baa22eb4b67b5b36e6adcea77d5e70e593d1d4979c9d3961cbba9350de3a2cae?s=96&d=mm&r=g\",\"caption\":\"manu\"},\"sameAs\":[\"http:\\\/\\\/wanderhexe.org\\\/cms\"],\"url\":\"https:\\\/\\\/wanderhexe.org\\\/cms\\\/author\\\/manu\\\/\"}]}<\/script>\n<!-- \/ Yoast SEO plugin. -->","yoast_head_json":{"title":"Die Kopflinie II - wanderhexe.org","description":"Hat die Kopflinie eine lange Verbindung mit der Lebenslinie, so mangelt es dem\u00a0Tr\u00e4ger an Selbstvertrauen und Energie. Eine solche Person ist","robots":{"index":"index","follow":"follow","max-snippet":"max-snippet:-1","max-image-preview":"max-image-preview:large","max-video-preview":"max-video-preview:-1"},"canonical":"https:\/\/wanderhexe.org\/cms\/2021\/08\/12\/die-kopflinie-ii\/","og_locale":"de_DE","og_type":"article","og_title":"Die Kopflinie II - wanderhexe.org","og_description":"Hat die Kopflinie eine lange Verbindung mit der Lebenslinie, so mangelt es dem\u00a0Tr\u00e4ger an Selbstvertrauen und Energie. Eine solche Person ist","og_url":"https:\/\/wanderhexe.org\/cms\/2021\/08\/12\/die-kopflinie-ii\/","og_site_name":"wanderhexe.org","article_published_time":"2021-08-12T12:20:30+00:00","og_image":[{"url":"https:\/\/wanderhexe.org\/cms\/wp-content\/uploads\/2021\/08\/CBFFD097-1282-42F2-96BB-53F6C7A66673.png","type":"","width":"","height":""}],"author":"manu","schema":{"@context":"https:\/\/schema.org","@graph":[{"@type":"Article","@id":"https:\/\/wanderhexe.org\/cms\/2021\/08\/12\/die-kopflinie-ii\/#article","isPartOf":{"@id":"https:\/\/wanderhexe.org\/cms\/2021\/08\/12\/die-kopflinie-ii\/"},"author":{"name":"manu","@id":"https:\/\/wanderhexe.org\/cms\/#\/schema\/person\/53e2f660dadd5bbbec7cf94dae747bc1"},"headline":"Die Kopflinie II","datePublished":"2021-08-12T12:20:30+00:00","mainEntityOfPage":{"@id":"https:\/\/wanderhexe.org\/cms\/2021\/08\/12\/die-kopflinie-ii\/"},"wordCount":195,"commentCount":0,"publisher":{"@id":"https:\/\/wanderhexe.org\/cms\/#organization"},"image":{"@id":"https:\/\/wanderhexe.org\/cms\/2021\/08\/12\/die-kopflinie-ii\/#primaryimage"},"thumbnailUrl":"https:\/\/wanderhexe.org\/cms\/wp-content\/uploads\/2021\/08\/CBFFD097-1282-42F2-96BB-53F6C7A66673.png","keywords":["Kopflinie II"],"articleSection":["Handlesen"],"inLanguage":"de","potentialAction":[{"@type":"CommentAction","name":"Comment","target":["https:\/\/wanderhexe.org\/cms\/2021\/08\/12\/die-kopflinie-ii\/#respond"]}]},{"@type":"WebPage","@id":"https:\/\/wanderhexe.org\/cms\/2021\/08\/12\/die-kopflinie-ii\/","url":"https:\/\/wanderhexe.org\/cms\/2021\/08\/12\/die-kopflinie-ii\/","name":"Die Kopflinie II - wanderhexe.org","isPartOf":{"@id":"https:\/\/wanderhexe.org\/cms\/#website"},"primaryImageOfPage":{"@id":"https:\/\/wanderhexe.org\/cms\/2021\/08\/12\/die-kopflinie-ii\/#primaryimage"},"image":{"@id":"https:\/\/wanderhexe.org\/cms\/2021\/08\/12\/die-kopflinie-ii\/#primaryimage"},"thumbnailUrl":"https:\/\/wanderhexe.org\/cms\/wp-content\/uploads\/2021\/08\/CBFFD097-1282-42F2-96BB-53F6C7A66673.png","datePublished":"2021-08-12T12:20:30+00:00","description":"Hat die Kopflinie eine lange Verbindung mit der Lebenslinie, so mangelt es dem\u00a0Tr\u00e4ger an Selbstvertrauen und Energie. Eine solche Person ist","breadcrumb":{"@id":"https:\/\/wanderhexe.org\/cms\/2021\/08\/12\/die-kopflinie-ii\/#breadcrumb"},"inLanguage":"de","potentialAction":[{"@type":"ReadAction","target":["https:\/\/wanderhexe.org\/cms\/2021\/08\/12\/die-kopflinie-ii\/"]}]},{"@type":"ImageObject","inLanguage":"de","@id":"https:\/\/wanderhexe.org\/cms\/2021\/08\/12\/die-kopflinie-ii\/#primaryimage","url":"https:\/\/wanderhexe.org\/cms\/wp-content\/uploads\/2021\/08\/CBFFD097-1282-42F2-96BB-53F6C7A66673.png","contentUrl":"https:\/\/wanderhexe.org\/cms\/wp-content\/uploads\/2021\/08\/CBFFD097-1282-42F2-96BB-53F6C7A66673.png","width":1080,"height":1080},{"@type":"BreadcrumbList","@id":"https:\/\/wanderhexe.org\/cms\/2021\/08\/12\/die-kopflinie-ii\/#breadcrumb","itemListElement":[{"@type":"ListItem","position":1,"name":"Startseite","item":"https:\/\/wanderhexe.org\/cms\/"},{"@type":"ListItem","position":2,"name":"Die Kopflinie II"}]},{"@type":"WebSite","@id":"https:\/\/wanderhexe.org\/cms\/#website","url":"https:\/\/wanderhexe.org\/cms\/","name":"wanderhexe.org","description":"","publisher":{"@id":"https:\/\/wanderhexe.org\/cms\/#organization"},"potentialAction":[{"@type":"SearchAction","target":{"@type":"EntryPoint","urlTemplate":"https:\/\/wanderhexe.org\/cms\/?s={search_term_string}"},"query-input":{"@type":"PropertyValueSpecification","valueRequired":true,"valueName":"search_term_string"}}],"inLanguage":"de"},{"@type":"Organization","@id":"https:\/\/wanderhexe.org\/cms\/#organization","name":"wanderhexe.org","url":"https:\/\/wanderhexe.org\/cms\/","logo":{"@type":"ImageObject","inLanguage":"de","@id":"https:\/\/wanderhexe.org\/cms\/#\/schema\/logo\/image\/","url":"https:\/\/wanderhexe.org\/cms\/wp-content\/uploads\/2021\/05\/F4106D43-B46E-4645-AA0D-40913D048620.jpeg","contentUrl":"https:\/\/wanderhexe.org\/cms\/wp-content\/uploads\/2021\/05\/F4106D43-B46E-4645-AA0D-40913D048620.jpeg","width":1080,"height":1080,"caption":"wanderhexe.org"},"image":{"@id":"https:\/\/wanderhexe.org\/cms\/#\/schema\/logo\/image\/"},"sameAs":["https:\/\/www.instagram.com\/die_wanderhexe\/"]},{"@type":"Person","@id":"https:\/\/wanderhexe.org\/cms\/#\/schema\/person\/53e2f660dadd5bbbec7cf94dae747bc1","name":"manu","image":{"@type":"ImageObject","inLanguage":"de","@id":"https:\/\/secure.gravatar.com\/avatar\/baa22eb4b67b5b36e6adcea77d5e70e593d1d4979c9d3961cbba9350de3a2cae?s=96&d=mm&r=g","url":"https:\/\/secure.gravatar.com\/avatar\/baa22eb4b67b5b36e6adcea77d5e70e593d1d4979c9d3961cbba9350de3a2cae?s=96&d=mm&r=g","contentUrl":"https:\/\/secure.gravatar.com\/avatar\/baa22eb4b67b5b36e6adcea77d5e70e593d1d4979c9d3961cbba9350de3a2cae?s=96&d=mm&r=g","caption":"manu"},"sameAs":["http:\/\/wanderhexe.org\/cms"],"url":"https:\/\/wanderhexe.org\/cms\/author\/manu\/"}]}},"jetpack_featured_media_url":"","jetpack_sharing_enabled":true,"_links":{"self":[{"href":"https:\/\/wanderhexe.org\/cms\/wp-json\/wp\/v2\/posts\/890","targetHints":{"allow":["GET"]}}],"collection":[{"href":"https:\/\/wanderhexe.org\/cms\/wp-json\/wp\/v2\/posts"}],"about":[{"href":"https:\/\/wanderhexe.org\/cms\/wp-json\/wp\/v2\/types\/post"}],"author":[{"embeddable":true,"href":"https:\/\/wanderhexe.org\/cms\/wp-json\/wp\/v2\/users\/1"}],"replies":[{"embeddable":true,"href":"https:\/\/wanderhexe.org\/cms\/wp-json\/wp\/v2\/comments?post=890"}],"version-history":[{"count":1,"href":"https:\/\/wanderhexe.org\/cms\/wp-json\/wp\/v2\/posts\/890\/revisions"}],"predecessor-version":[{"id":892,"href":"https:\/\/wanderhexe.org\/cms\/wp-json\/wp\/v2\/posts\/890\/revisions\/892"}],"wp:attachment":[{"href":"https:\/\/wanderhexe.org\/cms\/wp-json\/wp\/v2\/media?parent=890"}],"wp:term":[{"taxonomy":"category","embeddable":true,"href":"https:\/\/wanderhexe.org\/cms\/wp-json\/wp\/v2\/categories?post=890"},{"taxonomy":"post_tag","embeddable":true,"href":"https:\/\/wanderhexe.org\/cms\/wp-json\/wp\/v2\/tags?post=890"}],"curies":[{"name":"wp","href":"https:\/\/api.w.org\/{rel}","templated":true}]}}