{"id":882,"date":"2021-08-10T20:28:17","date_gmt":"2021-08-10T18:28:17","guid":{"rendered":"https:\/\/wanderhexe.org\/cms\/?p=882"},"modified":"2021-08-12T14:20:59","modified_gmt":"2021-08-12T12:20:59","slug":"die-kopflinie-i","status":"publish","type":"post","link":"https:\/\/wanderhexe.org\/cms\/2021\/08\/10\/die-kopflinie-i\/","title":{"rendered":"Die Kopflinie I"},"content":{"rendered":"<p><img loading=\"lazy\" decoding=\"async\" class=\"alignnone size-full wp-image-883\" src=\"https:\/\/wanderhexe.org\/cms\/wp-content\/uploads\/2021\/08\/F6E570CA-D9CC-4DC2-86C9-A5F217F4EB53.png\" alt=\"\" width=\"1080\" height=\"1080\" srcset=\"https:\/\/wanderhexe.org\/cms\/wp-content\/uploads\/2021\/08\/F6E570CA-D9CC-4DC2-86C9-A5F217F4EB53.png 1080w, https:\/\/wanderhexe.org\/cms\/wp-content\/uploads\/2021\/08\/F6E570CA-D9CC-4DC2-86C9-A5F217F4EB53-300x300.png 300w, https:\/\/wanderhexe.org\/cms\/wp-content\/uploads\/2021\/08\/F6E570CA-D9CC-4DC2-86C9-A5F217F4EB53-1024x1024.png 1024w, https:\/\/wanderhexe.org\/cms\/wp-content\/uploads\/2021\/08\/F6E570CA-D9CC-4DC2-86C9-A5F217F4EB53-150x150.png 150w, https:\/\/wanderhexe.org\/cms\/wp-content\/uploads\/2021\/08\/F6E570CA-D9CC-4DC2-86C9-A5F217F4EB53-768x768.png 768w\" sizes=\"auto, (max-width: 1080px) 100vw, 1080px\" \/><\/p>\n<p class=\"_04xlpA direction-ltr align-end para-style-body\"><span class=\"JsGRdQ\">Wie der Name schon sagt, bezieht sich die Kopflinie organisch auf den Kopf, dessen Nerven, das Gehirn, die Augen, Ohren und Z\u00e4hne. Psychologisch sagt sie etwas \u00fcber die <\/span><span class=\"JsGRdQ\">F\u00e4higkeit zum Denken, <\/span><span class=\"JsGRdQ\">der Konzentration, den Gedankenfluss und das Urteilsverm\u00f6gen aus. Die Kopflinie hat ihren Ursprung ungef\u00e4hr dort wo auch die Lebenslinie beginnt. <\/span><span class=\"JsGRdQ\">Die L\u00e4nge der Kopflinie sagt nichts \u00fcber die Intelligenz aus.<\/span><span class=\"JsGRdQ\"> Im idealen Fall verl\u00e4uft sie im <\/span><span class=\"JsGRdQ\">sanftem Bogen<\/span><span class=\"JsGRdQ\"> nach unten. Dann hat der Tr\u00e4ger eine gute Auffassung- undBeobachtungsgabe. Er hat keine Ber\u00fchrungs\u00e4ngste und geht gerne auf Menschen zu.<\/span><span class=\"JsGRdQ\">Ist die Linie sehr gerade, so ist auch das Denken gerade\u00a0<\/span><span class=\"JsGRdQ\">und logisch und konsequent. Die negative\u00a0<\/span><span class=\"JsGRdQ\">Eigenschaft ist, dass Menschen mit einer\u00a0<\/span><span class=\"JsGRdQ\">solchen Linie nichts vergessen und somit sehr starr\u00a0<\/span><span class=\"JsGRdQ\">und auch nachtragend sind.<\/span> <span class=\"JsGRdQ\">Dabei k\u00f6nnen\u00a0<\/span><span class=\"JsGRdQ\">sie hart und r\u00fccksichtslos wirken. Eine<\/span><span class=\"JsGRdQ\"> kurze\u00a0<\/span><span class=\"JsGRdQ\">Kopflinie <\/span><span class=\"JsGRdQ\">zeugt f\u00fcr einen impulsiven\u00a0<\/span><span class=\"JsGRdQ\">Menschen. Eine <\/span><span class=\"JsGRdQ\">lange Kopflinie<\/span><span class=\"JsGRdQ\"> spricht f\u00fcr einen\u00a0<\/span><span class=\"JsGRdQ\">Menschen mit gro\u00dfer Aufgeschlossenheit und\u00a0<\/span><span class=\"JsGRdQ\">Neugierde.Ist die Linie <\/span><span class=\"JsGRdQ\">wellig<\/span><span class=\"JsGRdQ\">, so ist der Tr\u00e4ger\u00a0<\/span><span class=\"JsGRdQ\">anpassungsf\u00e4hig. Leider sagt man ihm auch\u00a0<\/span><span class=\"JsGRdQ\">Unehrlichkeit und Unzuverl\u00e4ssigkeit nach.<\/span><\/p>\n","protected":false},"excerpt":{"rendered":"<p>Wie der Name schon sagt, bezieht sich die Kopflinie organisch auf den Kopf, dessen Nerven, das Gehirn, die Augen, Ohren und Z\u00e4hne. Psychologisch sagt sie etwas \u00fcber die F\u00e4higkeit zum Denken, der Konzentration, den Gedankenfluss und das Urteilsverm\u00f6gen aus. Die Kopflinie hat ihren Ursprung ungef\u00e4hr dort wo auch die Lebenslinie beginnt. Die L\u00e4nge der Kopflinie [&hellip;]<\/p>\n","protected":false},"author":1,"featured_media":0,"comment_status":"open","ping_status":"open","sticky":false,"template":"","format":"standard","meta":{"_jetpack_memberships_contains_paid_content":false,"footnotes":""},"categories":[168],"tags":[162,273],"class_list":["post-882","post","type-post","status-publish","format-standard","hentry","category-handlesen","tag-handlinien","tag-kopflinie"],"yoast_head":"<!-- This site is optimized with the Yoast SEO plugin v27.5 - https:\/\/yoast.com\/product\/yoast-seo-wordpress\/ -->\n<title>Die Kopflinie I - wanderhexe.org<\/title>\n<meta name=\"description\" content=\"Wie der Name schon sagt, bezieht sich die Kopflinie organisch auf den Kopf, dessen Nerven, das Gehirn, die Augen, Ohren und Z\u00e4hne\" \/>\n<meta name=\"robots\" content=\"index, follow, max-snippet:-1, max-image-preview:large, max-video-preview:-1\" \/>\n<link rel=\"canonical\" href=\"https:\/\/wanderhexe.org\/cms\/2021\/08\/10\/die-kopflinie-i\/\" \/>\n<meta property=\"og:locale\" content=\"de_DE\" \/>\n<meta property=\"og:type\" content=\"article\" \/>\n<meta property=\"og:title\" content=\"Die Kopflinie I - wanderhexe.org\" \/>\n<meta property=\"og:description\" content=\"Wie der Name schon sagt, bezieht sich die Kopflinie organisch auf den Kopf, dessen Nerven, das Gehirn, die Augen, Ohren und Z\u00e4hne\" \/>\n<meta property=\"og:url\" content=\"https:\/\/wanderhexe.org\/cms\/2021\/08\/10\/die-kopflinie-i\/\" \/>\n<meta property=\"og:site_name\" content=\"wanderhexe.org\" \/>\n<meta property=\"article:published_time\" content=\"2021-08-10T18:28:17+00:00\" \/>\n<meta property=\"article:modified_time\" content=\"2021-08-12T12:20:59+00:00\" \/>\n<meta property=\"og:image\" content=\"https:\/\/wanderhexe.org\/cms\/wp-content\/uploads\/2021\/08\/F6E570CA-D9CC-4DC2-86C9-A5F217F4EB53.png\" \/>\n<meta name=\"author\" content=\"manu\" \/>\n<script type=\"application\/ld+json\" class=\"yoast-schema-graph\">{\"@context\":\"https:\\\/\\\/schema.org\",\"@graph\":[{\"@type\":\"Article\",\"@id\":\"https:\\\/\\\/wanderhexe.org\\\/cms\\\/2021\\\/08\\\/10\\\/die-kopflinie-i\\\/#article\",\"isPartOf\":{\"@id\":\"https:\\\/\\\/wanderhexe.org\\\/cms\\\/2021\\\/08\\\/10\\\/die-kopflinie-i\\\/\"},\"author\":{\"name\":\"manu\",\"@id\":\"https:\\\/\\\/wanderhexe.org\\\/cms\\\/#\\\/schema\\\/person\\\/53e2f660dadd5bbbec7cf94dae747bc1\"},\"headline\":\"Die Kopflinie I\",\"datePublished\":\"2021-08-10T18:28:17+00:00\",\"dateModified\":\"2021-08-12T12:20:59+00:00\",\"mainEntityOfPage\":{\"@id\":\"https:\\\/\\\/wanderhexe.org\\\/cms\\\/2021\\\/08\\\/10\\\/die-kopflinie-i\\\/\"},\"wordCount\":189,\"commentCount\":0,\"publisher\":{\"@id\":\"https:\\\/\\\/wanderhexe.org\\\/cms\\\/#organization\"},\"image\":{\"@id\":\"https:\\\/\\\/wanderhexe.org\\\/cms\\\/2021\\\/08\\\/10\\\/die-kopflinie-i\\\/#primaryimage\"},\"thumbnailUrl\":\"https:\\\/\\\/wanderhexe.org\\\/cms\\\/wp-content\\\/uploads\\\/2021\\\/08\\\/F6E570CA-D9CC-4DC2-86C9-A5F217F4EB53.png\",\"keywords\":[\"Handlinien\",\"Kopflinie\"],\"articleSection\":[\"Handlesen\"],\"inLanguage\":\"de\",\"potentialAction\":[{\"@type\":\"CommentAction\",\"name\":\"Comment\",\"target\":[\"https:\\\/\\\/wanderhexe.org\\\/cms\\\/2021\\\/08\\\/10\\\/die-kopflinie-i\\\/#respond\"]}]},{\"@type\":\"WebPage\",\"@id\":\"https:\\\/\\\/wanderhexe.org\\\/cms\\\/2021\\\/08\\\/10\\\/die-kopflinie-i\\\/\",\"url\":\"https:\\\/\\\/wanderhexe.org\\\/cms\\\/2021\\\/08\\\/10\\\/die-kopflinie-i\\\/\",\"name\":\"Die Kopflinie I - wanderhexe.org\",\"isPartOf\":{\"@id\":\"https:\\\/\\\/wanderhexe.org\\\/cms\\\/#website\"},\"primaryImageOfPage\":{\"@id\":\"https:\\\/\\\/wanderhexe.org\\\/cms\\\/2021\\\/08\\\/10\\\/die-kopflinie-i\\\/#primaryimage\"},\"image\":{\"@id\":\"https:\\\/\\\/wanderhexe.org\\\/cms\\\/2021\\\/08\\\/10\\\/die-kopflinie-i\\\/#primaryimage\"},\"thumbnailUrl\":\"https:\\\/\\\/wanderhexe.org\\\/cms\\\/wp-content\\\/uploads\\\/2021\\\/08\\\/F6E570CA-D9CC-4DC2-86C9-A5F217F4EB53.png\",\"datePublished\":\"2021-08-10T18:28:17+00:00\",\"dateModified\":\"2021-08-12T12:20:59+00:00\",\"description\":\"Wie der Name schon sagt, bezieht sich die Kopflinie organisch auf den Kopf, dessen Nerven, das Gehirn, die Augen, Ohren und Z\u00e4hne\",\"breadcrumb\":{\"@id\":\"https:\\\/\\\/wanderhexe.org\\\/cms\\\/2021\\\/08\\\/10\\\/die-kopflinie-i\\\/#breadcrumb\"},\"inLanguage\":\"de\",\"potentialAction\":[{\"@type\":\"ReadAction\",\"target\":[\"https:\\\/\\\/wanderhexe.org\\\/cms\\\/2021\\\/08\\\/10\\\/die-kopflinie-i\\\/\"]}]},{\"@type\":\"ImageObject\",\"inLanguage\":\"de\",\"@id\":\"https:\\\/\\\/wanderhexe.org\\\/cms\\\/2021\\\/08\\\/10\\\/die-kopflinie-i\\\/#primaryimage\",\"url\":\"https:\\\/\\\/wanderhexe.org\\\/cms\\\/wp-content\\\/uploads\\\/2021\\\/08\\\/F6E570CA-D9CC-4DC2-86C9-A5F217F4EB53.png\",\"contentUrl\":\"https:\\\/\\\/wanderhexe.org\\\/cms\\\/wp-content\\\/uploads\\\/2021\\\/08\\\/F6E570CA-D9CC-4DC2-86C9-A5F217F4EB53.png\",\"width\":1080,\"height\":1080},{\"@type\":\"BreadcrumbList\",\"@id\":\"https:\\\/\\\/wanderhexe.org\\\/cms\\\/2021\\\/08\\\/10\\\/die-kopflinie-i\\\/#breadcrumb\",\"itemListElement\":[{\"@type\":\"ListItem\",\"position\":1,\"name\":\"Startseite\",\"item\":\"https:\\\/\\\/wanderhexe.org\\\/cms\\\/\"},{\"@type\":\"ListItem\",\"position\":2,\"name\":\"Die Kopflinie I\"}]},{\"@type\":\"WebSite\",\"@id\":\"https:\\\/\\\/wanderhexe.org\\\/cms\\\/#website\",\"url\":\"https:\\\/\\\/wanderhexe.org\\\/cms\\\/\",\"name\":\"wanderhexe.org\",\"description\":\"\",\"publisher\":{\"@id\":\"https:\\\/\\\/wanderhexe.org\\\/cms\\\/#organization\"},\"potentialAction\":[{\"@type\":\"SearchAction\",\"target\":{\"@type\":\"EntryPoint\",\"urlTemplate\":\"https:\\\/\\\/wanderhexe.org\\\/cms\\\/?s={search_term_string}\"},\"query-input\":{\"@type\":\"PropertyValueSpecification\",\"valueRequired\":true,\"valueName\":\"search_term_string\"}}],\"inLanguage\":\"de\"},{\"@type\":\"Organization\",\"@id\":\"https:\\\/\\\/wanderhexe.org\\\/cms\\\/#organization\",\"name\":\"wanderhexe.org\",\"url\":\"https:\\\/\\\/wanderhexe.org\\\/cms\\\/\",\"logo\":{\"@type\":\"ImageObject\",\"inLanguage\":\"de\",\"@id\":\"https:\\\/\\\/wanderhexe.org\\\/cms\\\/#\\\/schema\\\/logo\\\/image\\\/\",\"url\":\"https:\\\/\\\/wanderhexe.org\\\/cms\\\/wp-content\\\/uploads\\\/2021\\\/05\\\/F4106D43-B46E-4645-AA0D-40913D048620.jpeg\",\"contentUrl\":\"https:\\\/\\\/wanderhexe.org\\\/cms\\\/wp-content\\\/uploads\\\/2021\\\/05\\\/F4106D43-B46E-4645-AA0D-40913D048620.jpeg\",\"width\":1080,\"height\":1080,\"caption\":\"wanderhexe.org\"},\"image\":{\"@id\":\"https:\\\/\\\/wanderhexe.org\\\/cms\\\/#\\\/schema\\\/logo\\\/image\\\/\"},\"sameAs\":[\"https:\\\/\\\/www.instagram.com\\\/die_wanderhexe\\\/\"]},{\"@type\":\"Person\",\"@id\":\"https:\\\/\\\/wanderhexe.org\\\/cms\\\/#\\\/schema\\\/person\\\/53e2f660dadd5bbbec7cf94dae747bc1\",\"name\":\"manu\",\"image\":{\"@type\":\"ImageObject\",\"inLanguage\":\"de\",\"@id\":\"https:\\\/\\\/secure.gravatar.com\\\/avatar\\\/baa22eb4b67b5b36e6adcea77d5e70e593d1d4979c9d3961cbba9350de3a2cae?s=96&d=mm&r=g\",\"url\":\"https:\\\/\\\/secure.gravatar.com\\\/avatar\\\/baa22eb4b67b5b36e6adcea77d5e70e593d1d4979c9d3961cbba9350de3a2cae?s=96&d=mm&r=g\",\"contentUrl\":\"https:\\\/\\\/secure.gravatar.com\\\/avatar\\\/baa22eb4b67b5b36e6adcea77d5e70e593d1d4979c9d3961cbba9350de3a2cae?s=96&d=mm&r=g\",\"caption\":\"manu\"},\"sameAs\":[\"http:\\\/\\\/wanderhexe.org\\\/cms\"],\"url\":\"https:\\\/\\\/wanderhexe.org\\\/cms\\\/author\\\/manu\\\/\"}]}<\/script>\n<!-- \/ Yoast SEO plugin. -->","yoast_head_json":{"title":"Die Kopflinie I - wanderhexe.org","description":"Wie der Name schon sagt, bezieht sich die Kopflinie organisch auf den Kopf, dessen Nerven, das Gehirn, die Augen, Ohren und Z\u00e4hne","robots":{"index":"index","follow":"follow","max-snippet":"max-snippet:-1","max-image-preview":"max-image-preview:large","max-video-preview":"max-video-preview:-1"},"canonical":"https:\/\/wanderhexe.org\/cms\/2021\/08\/10\/die-kopflinie-i\/","og_locale":"de_DE","og_type":"article","og_title":"Die Kopflinie I - wanderhexe.org","og_description":"Wie der Name schon sagt, bezieht sich die Kopflinie organisch auf den Kopf, dessen Nerven, das Gehirn, die Augen, Ohren und Z\u00e4hne","og_url":"https:\/\/wanderhexe.org\/cms\/2021\/08\/10\/die-kopflinie-i\/","og_site_name":"wanderhexe.org","article_published_time":"2021-08-10T18:28:17+00:00","article_modified_time":"2021-08-12T12:20:59+00:00","og_image":[{"url":"https:\/\/wanderhexe.org\/cms\/wp-content\/uploads\/2021\/08\/F6E570CA-D9CC-4DC2-86C9-A5F217F4EB53.png","type":"","width":"","height":""}],"author":"manu","schema":{"@context":"https:\/\/schema.org","@graph":[{"@type":"Article","@id":"https:\/\/wanderhexe.org\/cms\/2021\/08\/10\/die-kopflinie-i\/#article","isPartOf":{"@id":"https:\/\/wanderhexe.org\/cms\/2021\/08\/10\/die-kopflinie-i\/"},"author":{"name":"manu","@id":"https:\/\/wanderhexe.org\/cms\/#\/schema\/person\/53e2f660dadd5bbbec7cf94dae747bc1"},"headline":"Die Kopflinie I","datePublished":"2021-08-10T18:28:17+00:00","dateModified":"2021-08-12T12:20:59+00:00","mainEntityOfPage":{"@id":"https:\/\/wanderhexe.org\/cms\/2021\/08\/10\/die-kopflinie-i\/"},"wordCount":189,"commentCount":0,"publisher":{"@id":"https:\/\/wanderhexe.org\/cms\/#organization"},"image":{"@id":"https:\/\/wanderhexe.org\/cms\/2021\/08\/10\/die-kopflinie-i\/#primaryimage"},"thumbnailUrl":"https:\/\/wanderhexe.org\/cms\/wp-content\/uploads\/2021\/08\/F6E570CA-D9CC-4DC2-86C9-A5F217F4EB53.png","keywords":["Handlinien","Kopflinie"],"articleSection":["Handlesen"],"inLanguage":"de","potentialAction":[{"@type":"CommentAction","name":"Comment","target":["https:\/\/wanderhexe.org\/cms\/2021\/08\/10\/die-kopflinie-i\/#respond"]}]},{"@type":"WebPage","@id":"https:\/\/wanderhexe.org\/cms\/2021\/08\/10\/die-kopflinie-i\/","url":"https:\/\/wanderhexe.org\/cms\/2021\/08\/10\/die-kopflinie-i\/","name":"Die Kopflinie I - wanderhexe.org","isPartOf":{"@id":"https:\/\/wanderhexe.org\/cms\/#website"},"primaryImageOfPage":{"@id":"https:\/\/wanderhexe.org\/cms\/2021\/08\/10\/die-kopflinie-i\/#primaryimage"},"image":{"@id":"https:\/\/wanderhexe.org\/cms\/2021\/08\/10\/die-kopflinie-i\/#primaryimage"},"thumbnailUrl":"https:\/\/wanderhexe.org\/cms\/wp-content\/uploads\/2021\/08\/F6E570CA-D9CC-4DC2-86C9-A5F217F4EB53.png","datePublished":"2021-08-10T18:28:17+00:00","dateModified":"2021-08-12T12:20:59+00:00","description":"Wie der Name schon sagt, bezieht sich die Kopflinie organisch auf den Kopf, dessen Nerven, das Gehirn, die Augen, Ohren und Z\u00e4hne","breadcrumb":{"@id":"https:\/\/wanderhexe.org\/cms\/2021\/08\/10\/die-kopflinie-i\/#breadcrumb"},"inLanguage":"de","potentialAction":[{"@type":"ReadAction","target":["https:\/\/wanderhexe.org\/cms\/2021\/08\/10\/die-kopflinie-i\/"]}]},{"@type":"ImageObject","inLanguage":"de","@id":"https:\/\/wanderhexe.org\/cms\/2021\/08\/10\/die-kopflinie-i\/#primaryimage","url":"https:\/\/wanderhexe.org\/cms\/wp-content\/uploads\/2021\/08\/F6E570CA-D9CC-4DC2-86C9-A5F217F4EB53.png","contentUrl":"https:\/\/wanderhexe.org\/cms\/wp-content\/uploads\/2021\/08\/F6E570CA-D9CC-4DC2-86C9-A5F217F4EB53.png","width":1080,"height":1080},{"@type":"BreadcrumbList","@id":"https:\/\/wanderhexe.org\/cms\/2021\/08\/10\/die-kopflinie-i\/#breadcrumb","itemListElement":[{"@type":"ListItem","position":1,"name":"Startseite","item":"https:\/\/wanderhexe.org\/cms\/"},{"@type":"ListItem","position":2,"name":"Die Kopflinie I"}]},{"@type":"WebSite","@id":"https:\/\/wanderhexe.org\/cms\/#website","url":"https:\/\/wanderhexe.org\/cms\/","name":"wanderhexe.org","description":"","publisher":{"@id":"https:\/\/wanderhexe.org\/cms\/#organization"},"potentialAction":[{"@type":"SearchAction","target":{"@type":"EntryPoint","urlTemplate":"https:\/\/wanderhexe.org\/cms\/?s={search_term_string}"},"query-input":{"@type":"PropertyValueSpecification","valueRequired":true,"valueName":"search_term_string"}}],"inLanguage":"de"},{"@type":"Organization","@id":"https:\/\/wanderhexe.org\/cms\/#organization","name":"wanderhexe.org","url":"https:\/\/wanderhexe.org\/cms\/","logo":{"@type":"ImageObject","inLanguage":"de","@id":"https:\/\/wanderhexe.org\/cms\/#\/schema\/logo\/image\/","url":"https:\/\/wanderhexe.org\/cms\/wp-content\/uploads\/2021\/05\/F4106D43-B46E-4645-AA0D-40913D048620.jpeg","contentUrl":"https:\/\/wanderhexe.org\/cms\/wp-content\/uploads\/2021\/05\/F4106D43-B46E-4645-AA0D-40913D048620.jpeg","width":1080,"height":1080,"caption":"wanderhexe.org"},"image":{"@id":"https:\/\/wanderhexe.org\/cms\/#\/schema\/logo\/image\/"},"sameAs":["https:\/\/www.instagram.com\/die_wanderhexe\/"]},{"@type":"Person","@id":"https:\/\/wanderhexe.org\/cms\/#\/schema\/person\/53e2f660dadd5bbbec7cf94dae747bc1","name":"manu","image":{"@type":"ImageObject","inLanguage":"de","@id":"https:\/\/secure.gravatar.com\/avatar\/baa22eb4b67b5b36e6adcea77d5e70e593d1d4979c9d3961cbba9350de3a2cae?s=96&d=mm&r=g","url":"https:\/\/secure.gravatar.com\/avatar\/baa22eb4b67b5b36e6adcea77d5e70e593d1d4979c9d3961cbba9350de3a2cae?s=96&d=mm&r=g","contentUrl":"https:\/\/secure.gravatar.com\/avatar\/baa22eb4b67b5b36e6adcea77d5e70e593d1d4979c9d3961cbba9350de3a2cae?s=96&d=mm&r=g","caption":"manu"},"sameAs":["http:\/\/wanderhexe.org\/cms"],"url":"https:\/\/wanderhexe.org\/cms\/author\/manu\/"}]}},"jetpack_featured_media_url":"","jetpack_sharing_enabled":true,"_links":{"self":[{"href":"https:\/\/wanderhexe.org\/cms\/wp-json\/wp\/v2\/posts\/882","targetHints":{"allow":["GET"]}}],"collection":[{"href":"https:\/\/wanderhexe.org\/cms\/wp-json\/wp\/v2\/posts"}],"about":[{"href":"https:\/\/wanderhexe.org\/cms\/wp-json\/wp\/v2\/types\/post"}],"author":[{"embeddable":true,"href":"https:\/\/wanderhexe.org\/cms\/wp-json\/wp\/v2\/users\/1"}],"replies":[{"embeddable":true,"href":"https:\/\/wanderhexe.org\/cms\/wp-json\/wp\/v2\/comments?post=882"}],"version-history":[{"count":1,"href":"https:\/\/wanderhexe.org\/cms\/wp-json\/wp\/v2\/posts\/882\/revisions"}],"predecessor-version":[{"id":884,"href":"https:\/\/wanderhexe.org\/cms\/wp-json\/wp\/v2\/posts\/882\/revisions\/884"}],"wp:attachment":[{"href":"https:\/\/wanderhexe.org\/cms\/wp-json\/wp\/v2\/media?parent=882"}],"wp:term":[{"taxonomy":"category","embeddable":true,"href":"https:\/\/wanderhexe.org\/cms\/wp-json\/wp\/v2\/categories?post=882"},{"taxonomy":"post_tag","embeddable":true,"href":"https:\/\/wanderhexe.org\/cms\/wp-json\/wp\/v2\/tags?post=882"}],"curies":[{"name":"wp","href":"https:\/\/api.w.org\/{rel}","templated":true}]}}